{"id":19326,"date":"2015-06-04T18:52:44","date_gmt":"2015-06-04T15:52:44","guid":{"rendered":"https:\/\/www.mirtoscrete.gr\/ein-bericht-vom-klaus-der-gaertner\/?lang=fr"},"modified":"2023-04-05T17:08:19","modified_gmt":"2023-04-05T14:08:19","slug":"ein-bericht-vom-klaus-der-gaertner","status":"publish","type":"post","link":"https:\/\/www.mirtoscrete.gr\/fr\/ein-bericht-vom-klaus-der-gaertner\/","title":{"rendered":"Ein Bericht vom Klaus der G\u00e4rtner"},"content":{"rendered":"<p>[et_pb_section fb_built=\u00a0\u00bb1&Prime; admin_label=\u00a0\u00bbsection\u00a0\u00bb _builder_version=\u00a0\u00bb4.16&Prime; global_colors_info=\u00a0\u00bb{}\u00a0\u00bb da_is_popup=\u00a0\u00bboff\u00a0\u00bb da_exit_intent=\u00a0\u00bboff\u00a0\u00bb da_has_close=\u00a0\u00bbon\u00a0\u00bb da_alt_close=\u00a0\u00bboff\u00a0\u00bb da_dark_close=\u00a0\u00bboff\u00a0\u00bb da_not_modal=\u00a0\u00bbon\u00a0\u00bb da_is_singular=\u00a0\u00bboff\u00a0\u00bb da_with_loader=\u00a0\u00bboff\u00a0\u00bb da_has_shadow=\u00a0\u00bbon\u00a0\u00bb da_disable_devices=\u00a0\u00bboff|off|off\u00a0\u00bb][et_pb_row admin_label=\u00a0\u00bbrow\u00a0\u00bb _builder_version=\u00a0\u00bb4.16&Prime; background_size=\u00a0\u00bbinitial\u00a0\u00bb background_position=\u00a0\u00bbtop_left\u00a0\u00bb background_repeat=\u00a0\u00bbrepeat\u00a0\u00bb global_colors_info=\u00a0\u00bb{}\u00a0\u00bb][et_pb_column type=\u00a0\u00bb4_4&Prime; _builder_version=\u00a0\u00bb4.16&Prime; custom_padding=\u00a0\u00bb|||\u00a0\u00bb global_colors_info=\u00a0\u00bb{}\u00a0\u00bb custom_padding__hover=\u00a0\u00bb|||\u00a0\u00bb][et_pb_post_title admin_label=\u00a0\u00bbPost Title\u00a0\u00bb _builder_version=\u00a0\u00bb4.16&Prime; title_all_caps=\u00a0\u00bboff\u00a0\u00bb background_color=\u00a0\u00bbrgba(255,255,255,0)\u00a0\u00bb parallax=\u00a0\u00bbon\u00a0\u00bb parallax_method=\u00a0\u00bboff\u00a0\u00bb use_border_color=\u00a0\u00bboff\u00a0\u00bb border_color=\u00a0\u00bb#ffffff\u00a0\u00bb border_style=\u00a0\u00bbsolid\u00a0\u00bb parallax_effect=\u00a0\u00bbon\u00a0\u00bb module_bg_color=\u00a0\u00bbrgba(255,255,255,0)\u00a0\u00bb global_colors_info=\u00a0\u00bb{}\u00a0\u00bb] [\/et_pb_post_title][et_pb_text admin_label=\u00a0\u00bbText\u00a0\u00bb _builder_version=\u00a0\u00bb4.16&Prime; background_size=\u00a0\u00bbinitial\u00a0\u00bb background_position=\u00a0\u00bbtop_left\u00a0\u00bb background_repeat=\u00a0\u00bbrepeat\u00a0\u00bb use_border_color=\u00a0\u00bboff\u00a0\u00bb border_color=\u00a0\u00bb#ffffff\u00a0\u00bb border_style=\u00a0\u00bbsolid\u00a0\u00bb global_colors_info=\u00a0\u00bb{}\u00a0\u00bb]Klaus ist meine Name.<\/p>\n<p>1939 in Berlin geboren. Habe abwechselnde Lebensphasen durchlebt, die meisten mit und in Freude.<\/p>\n<p>Seit Anfang der 70-er Jahre fingen meine Reise in die Mittelmeer-L\u00e4nder an. Eine davon wollte ich mit meinen besten und gesch\u00e4tzten Freund Joachim Manroth aus Freiburg unternehmen &#8211; nach Maroko. Wir landeten auf Kreta im Sept. 1987. Blieben dann in Arvi h\u00e4ngen.<\/p>\n<p>Joachim Manroth ist ein hervorragenden Gitarrenspieler und Songwriter.<\/p>\n<p>Arvi hielt mich fest, ich wanderte in dieser Zeit viel, viel, viel, und kam mal so in Mirtos dabei raus. Sept. 2004. Da hielt mich dieser hertzliche Ort wieder fest, bis heute. Von den Menschen, von der Landschaft und von der Musik.<\/p>\n<p>Und da lernte ich einen extra prima Gitarrenspieler und S\u00e4nger kennen, sein Name ist Jannis. Diesen Jannis spielte des \u00f6fteren in den Taverne \u00ab\u00a0Platanos\u00a0\u00bb an den Abenden.<\/p>\n<p>Habe mit 69 Jahren angefangen Blues-Harp zu lernen und mich in diese \u00ab\u00a0Frau Harp\u00a0\u00bb mehr als nur verliebt. Heute bin ich mit diese Frau verheiratet, und bin ihr treu geblieben &#8211; sch\u00f6n was? Ich \u00fcbe st\u00e4ndig mit ihr und sie wird niemals m\u00fcde.<\/p>\n<p>Und so kam es dass ich mit den jahren mit Jannis und Stella &#8211; eine hervorragende Folk-S\u00e4ngerin &#8211; und Manos &#8211; ein ausgezeichneter Bouzoukispieler &#8211; jeden Do. einige Songs mitspielen d\u00fcrfte.<\/p>\n<p>Nochmals Dank sei diesen drei lieben Menschen und mit einen aufrechtigen Verbundenheit zwischen Deutschland und Kreta.<\/p>\n<p>In Freude, Klaus Arndt<br \/>\nder G\u00e4rtner<br \/>\n[\/et_pb_text][\/et_pb_column][\/et_pb_row][\/et_pb_section]<\/p>\n","protected":false},"excerpt":{"rendered":"<p>Klaus ist meine Name. 1939 in Berlin geboren.<\/p>\n","protected":false},"author":13,"featured_media":24151,"comment_status":"closed","ping_status":"closed","sticky":false,"template":"","format":"standard","meta":{"_et_pb_use_builder":"on","_et_pb_old_content":"","_et_gb_content_width":"","footnotes":""},"categories":[61],"tags":[],"class_list":["post-19326","post","type-post","status-publish","format-standard","has-post-thumbnail","hentry","category-people-fr"],"_links":{"self":[{"href":"https:\/\/www.mirtoscrete.gr\/fr\/wp-json\/wp\/v2\/posts\/19326","targetHints":{"allow":["GET"]}}],"collection":[{"href":"https:\/\/www.mirtoscrete.gr\/fr\/wp-json\/wp\/v2\/posts"}],"about":[{"href":"https:\/\/www.mirtoscrete.gr\/fr\/wp-json\/wp\/v2\/types\/post"}],"author":[{"embeddable":true,"href":"https:\/\/www.mirtoscrete.gr\/fr\/wp-json\/wp\/v2\/users\/13"}],"replies":[{"embeddable":true,"href":"https:\/\/www.mirtoscrete.gr\/fr\/wp-json\/wp\/v2\/comments?post=19326"}],"version-history":[{"count":0,"href":"https:\/\/www.mirtoscrete.gr\/fr\/wp-json\/wp\/v2\/posts\/19326\/revisions"}],"wp:featuredmedia":[{"embeddable":true,"href":"https:\/\/www.mirtoscrete.gr\/fr\/wp-json\/wp\/v2\/media\/24151"}],"wp:attachment":[{"href":"https:\/\/www.mirtoscrete.gr\/fr\/wp-json\/wp\/v2\/media?parent=19326"}],"wp:term":[{"taxonomy":"category","embeddable":true,"href":"https:\/\/www.mirtoscrete.gr\/fr\/wp-json\/wp\/v2\/categories?post=19326"},{"taxonomy":"post_tag","embeddable":true,"href":"https:\/\/www.mirtoscrete.gr\/fr\/wp-json\/wp\/v2\/tags?post=19326"}],"curies":[{"name":"wp","href":"https:\/\/api.w.org\/{rel}","templated":true}]}}